{"id":2689,"date":"2026-04-17T10:56:56","date_gmt":"2026-04-17T08:56:56","guid":{"rendered":"https:\/\/www.ms-associes.com\/?p=2689"},"modified":"2026-04-27T11:02:38","modified_gmt":"2026-04-27T09:02:38","slug":"un-temps-fort-au-service-du-dialogue-economique-franco-allemand","status":"publish","type":"post","link":"https:\/\/www.ms-associes.com\/en\/un-temps-fort-au-service-du-dialogue-economique-franco-allemand\/","title":{"rendered":"Un temps fort au service du dialogue \u00e9conomique franco-allemand"},"content":{"rendered":"<p>Mardi 14 avril, dans le cadre de la 8e \u00e9dition de la Quinzaine Franco-Allemande d&rsquo;Occitanie, Susanne Salerno-Wagensonner, avocate associ\u00e9e et Pr\u00e9sidente du CAFA Toulouse Occitanie, est intervenue \u00e0 l\u2019occasion du 2e Jour de la Saxe.<br><br>Cette journ\u00e9e de rencontres a consid\u00e9rablement renforc\u00e9 la coop\u00e9ration \u00e9conomique entre la R\u00e9gion d\u2019Occitanie et le Land de la Saxe.<br><br>L&rsquo;\u00e9v\u00e9nement a r\u00e9uni de nombreux acteurs institutionnels, \u00e9conomiques, universitaires et industriels autour de plusieurs enjeux strat\u00e9giques, parmi lesquels l\u2019intelligence artificielle, la medtech, l\u2019hydrog\u00e8ne.<\/p>","protected":false},"excerpt":{"rendered":"<p>Mardi 14 avril, dans le cadre de la 8e \u00e9dition de la Quinzaine Franco-Allemande d&rsquo;Occitanie, Susanne Salerno-Wagensonner, avocate associ\u00e9e et Pr\u00e9sidente du CAFA Toulouse Occitanie, est intervenue \u00e0 l\u2019occasion du 2e Jour de la Saxe. Cette journ\u00e9e de rencontres a consid\u00e9rablement renforc\u00e9 la coop\u00e9ration \u00e9conomique entre la R\u00e9gion d\u2019Occitanie et le Land de la Saxe. [&hellip;]<\/p>\n","protected":false},"author":11,"featured_media":2690,"comment_status":"closed","ping_status":"closed","sticky":false,"template":"","format":"standard","meta":{"footnotes":""},"categories":[11],"tags":[],"class_list":["post-2689","post","type-post","status-publish","format-standard","has-post-thumbnail","hentry","category-vie-du-cabinet"],"_links":{"self":[{"href":"https:\/\/www.ms-associes.com\/en\/wp-json\/wp\/v2\/posts\/2689","targetHints":{"allow":["GET"]}}],"collection":[{"href":"https:\/\/www.ms-associes.com\/en\/wp-json\/wp\/v2\/posts"}],"about":[{"href":"https:\/\/www.ms-associes.com\/en\/wp-json\/wp\/v2\/types\/post"}],"author":[{"embeddable":true,"href":"https:\/\/www.ms-associes.com\/en\/wp-json\/wp\/v2\/users\/11"}],"replies":[{"embeddable":true,"href":"https:\/\/www.ms-associes.com\/en\/wp-json\/wp\/v2\/comments?post=2689"}],"version-history":[{"count":1,"href":"https:\/\/www.ms-associes.com\/en\/wp-json\/wp\/v2\/posts\/2689\/revisions"}],"predecessor-version":[{"id":2691,"href":"https:\/\/www.ms-associes.com\/en\/wp-json\/wp\/v2\/posts\/2689\/revisions\/2691"}],"wp:featuredmedia":[{"embeddable":true,"href":"https:\/\/www.ms-associes.com\/en\/wp-json\/wp\/v2\/media\/2690"}],"wp:attachment":[{"href":"https:\/\/www.ms-associes.com\/en\/wp-json\/wp\/v2\/media?parent=2689"}],"wp:term":[{"taxonomy":"category","embeddable":true,"href":"https:\/\/www.ms-associes.com\/en\/wp-json\/wp\/v2\/categories?post=2689"},{"taxonomy":"post_tag","embeddable":true,"href":"https:\/\/www.ms-associes.com\/en\/wp-json\/wp\/v2\/tags?post=2689"}],"curies":[{"name":"wp","href":"https:\/\/api.w.org\/{rel}","templated":true}]}}